{"id":90,"date":"2020-10-28T21:33:57","date_gmt":"2020-10-28T21:33:57","guid":{"rendered":"https:\/\/daviduzcategui.com.ve\/wpdu\/?p=90"},"modified":"2020-10-28T21:33:57","modified_gmt":"2020-10-28T21:33:57","slug":"desde-mi-ventana-terrazas-del-avila","status":"publish","type":"post","link":"https:\/\/daviduzcategui.com.ve\/wpdu\/2020\/10\/28\/desde-mi-ventana-terrazas-del-avila\/","title":{"rendered":"\u201cDesde Mi Ventana: Terrazas Del \u00c1vila\u201d"},"content":{"rendered":"<p><img loading=\"lazy\" class=\"size-full wp-image-87 aligncenter\" src=\"https:\/\/daviduzcategui.com.ve\/wpdu\/wp-content\/uploads\/2020\/10\/TA-1.jpg\" alt=\"\" width=\"715\" height=\"406\" srcset=\"https:\/\/daviduzcategui.com.ve\/wpdu\/wp-content\/uploads\/2020\/10\/TA-1.jpg 715w, https:\/\/daviduzcategui.com.ve\/wpdu\/wp-content\/uploads\/2020\/10\/TA-1-300x170.jpg 300w\" sizes=\"(max-width: 715px) 100vw, 715px\" \/><\/p>\n<p>20 agosto 2020<\/p>\n<p>Realizamos un concierto al aire libre en la urbanizaci\u00f3n de Terrazas del \u00c1vila del Municipio Sucre. Actividad que la hemos denominado \u201cDesde mi Ventana\u201d.<\/p>\n<p>Junto a @juliovivassax recorrimos varias calles llevando las hermosas melod\u00edas del saxof\u00f3n a muchos rincones de la urbanizaci\u00f3n.<\/p>\n<p>Qued\u00e9 encantado con la alegr\u00eda y energ\u00eda que tienen nuestros queridos vecinos de Terrazas Del \u00c1vila. Gracias por el recibimiento! Quedamos comprometidos en volver el pr\u00f3ximo martes 25 donde volveremos a encontrarnos para recorrer otras calles de la urbanizaci\u00f3n con buena m\u00fasica. Momentos como este son los que hacen tanta falta en esta \u00e9poca tan compleja que nos ha tocado vivir!<\/p>\n<p>Seguimos trabajando por el Municipio Sucre y por todo el Estado Miranda.<\/p>\n<p>David Uzc\u00e1tegui.<\/p>\n<p><a href=\"https:\/\/www.daviduzcategui.com\"><strong>-&gt; <img loading=\"lazy\" class=\"alignnone size-full wp-image-24\" src=\"https:\/\/daviduzcategui.com.ve\/wpdu\/wp-content\/uploads\/2020\/10\/Home.png\" alt=\"\" width=\"17\" height=\"15\" \/> Ir a p\u00e1gina principal &lt;&#8211;<\/strong><\/a><\/p>\n","protected":false},"excerpt":{"rendered":"<p>20 agosto 2020 Realizamos un concierto al aire libre en la urbanizaci\u00f3n de Terrazas del \u00c1vila del Municipio Sucre. Actividad[&#8230;]<\/p>\n","protected":false},"author":1,"featured_media":0,"comment_status":"closed","ping_status":"closed","sticky":false,"template":"","format":"standard","meta":[],"categories":[2],"tags":[],"_links":{"self":[{"href":"https:\/\/daviduzcategui.com.ve\/wpdu\/wp-json\/wp\/v2\/posts\/90"}],"collection":[{"href":"https:\/\/daviduzcategui.com.ve\/wpdu\/wp-json\/wp\/v2\/posts"}],"about":[{"href":"https:\/\/daviduzcategui.com.ve\/wpdu\/wp-json\/wp\/v2\/types\/post"}],"author":[{"embeddable":true,"href":"https:\/\/daviduzcategui.com.ve\/wpdu\/wp-json\/wp\/v2\/users\/1"}],"replies":[{"embeddable":true,"href":"https:\/\/daviduzcategui.com.ve\/wpdu\/wp-json\/wp\/v2\/comments?post=90"}],"version-history":[{"count":1,"href":"https:\/\/daviduzcategui.com.ve\/wpdu\/wp-json\/wp\/v2\/posts\/90\/revisions"}],"predecessor-version":[{"id":91,"href":"https:\/\/daviduzcategui.com.ve\/wpdu\/wp-json\/wp\/v2\/posts\/90\/revisions\/91"}],"wp:attachment":[{"href":"https:\/\/daviduzcategui.com.ve\/wpdu\/wp-json\/wp\/v2\/media?parent=90"}],"wp:term":[{"taxonomy":"category","embeddable":true,"href":"https:\/\/daviduzcategui.com.ve\/wpdu\/wp-json\/wp\/v2\/categories?post=90"},{"taxonomy":"post_tag","embeddable":true,"href":"https:\/\/daviduzcategui.com.ve\/wpdu\/wp-json\/wp\/v2\/tags?post=90"}],"curies":[{"name":"wp","href":"https:\/\/api.w.org\/{rel}","templated":true}]}}