{"id":2919,"date":"2023-04-28T16:43:34","date_gmt":"2023-04-28T20:43:34","guid":{"rendered":"https:\/\/daviduzcategui.com.ve\/wpdu\/?p=2919"},"modified":"2023-04-30T17:02:32","modified_gmt":"2023-04-30T21:02:32","slug":"trabajadores-lo-logrado-y-lo-que-falta","status":"publish","type":"post","link":"https:\/\/daviduzcategui.com.ve\/wpdu\/2023\/04\/28\/trabajadores-lo-logrado-y-lo-que-falta\/","title":{"rendered":"\u00abTrabajadores: lo logrado y lo que falta\u00bb"},"content":{"rendered":"<p><img loading=\"lazy\" class=\"alignnone size-full wp-image-2921\" src=\"https:\/\/daviduzcategui.com.ve\/wpdu\/wp-content\/uploads\/2023\/04\/1mayo.jpg\" alt=\"\" width=\"2497\" height=\"1009\" srcset=\"https:\/\/daviduzcategui.com.ve\/wpdu\/wp-content\/uploads\/2023\/04\/1mayo.jpg 2497w, https:\/\/daviduzcategui.com.ve\/wpdu\/wp-content\/uploads\/2023\/04\/1mayo-300x121.jpg 300w, https:\/\/daviduzcategui.com.ve\/wpdu\/wp-content\/uploads\/2023\/04\/1mayo-1024x414.jpg 1024w, https:\/\/daviduzcategui.com.ve\/wpdu\/wp-content\/uploads\/2023\/04\/1mayo-768x310.jpg 768w, https:\/\/daviduzcategui.com.ve\/wpdu\/wp-content\/uploads\/2023\/04\/1mayo-1536x621.jpg 1536w, https:\/\/daviduzcategui.com.ve\/wpdu\/wp-content\/uploads\/2023\/04\/1mayo-2048x828.jpg 2048w\" sizes=\"(max-width: 2497px) 100vw, 2497px\" \/><\/p>\n<p>El D\u00eda del Trabajador es una oportunidad para honrar a todos aquellos que lucharon en diversos rincones del mundo por los derechos laborales que disfrutamos hoy en d\u00eda.<\/p>\n<p>Tambi\u00e9n nos sirve para recordar la importancia de trabajar en condiciones humanas y dignas, ya que solamente as\u00ed se puede dar lo mejor de cada persona en el \u00e1mbito laboral; a la vez que se contribuye con el crecimiento del empleador, de la econom\u00eda y del pa\u00eds.<\/p>\n<p>Como muchos alguna vez hemos escuchado, la historia del D\u00eda del Trabajador se remonta a finales del siglo XIX en Estados Unidos. En esa \u00e9poca, los trabajadores laboraban hasta 16 horas diarias, en condiciones infrahumanas. El primero de mayo de 1886, los trabajadores de varias ciudades estadounidenses organizaron huelgas y manifestaciones para exigir sus derechos.<\/p>\n<p>En Chicago, la lucha se intensific\u00f3. Los empleados se hab\u00edan unido para exigir una jornada laboral de ocho horas y mejores condiciones de trabajo.<\/p>\n<p>Los trabajadores muchas veces laboraban seis d\u00edas a la semana, con pagos irrisorios. Las condiciones ambientales en las f\u00e1bricas eran extremadamente duras. Las instalaciones estaban mal ventiladas, lo que causaba problemas respiratorios y de salud. Adem\u00e1s, el personal estaba expuesto a sustancias qu\u00edmicas peligrosas, sin tener la protecci\u00f3n adecuada.<\/p>\n<p>Los reclamos de Chicago fueron parte de un movimiento m\u00e1s amplio, que se extendi\u00f3 hacia todo el pa\u00eds norteamericano. Ellos exig\u00edan una jornada laboral m\u00e1s corta y la demanda de un d\u00eda de trabajo de ocho horas se convirti\u00f3 en un grito de batalla para muchos empleados, que vieron en ella la oportunidad de mejorar sus condiciones laborales y su calidad de vida.<\/p>\n<p>Finalmente, la polic\u00eda abri\u00f3 fuego contra los manifestantes, matando a varios de ellos. A este evento se le conoce como la \u00abMasacre de Haymarket\u00bb. A pesar de la represi\u00f3n, los trabajadores continuaron luchando y finalmente lograron sus objetivos, aunque lamentablemente a un precio muy alto.<\/p>\n<p>En 1889 en Par\u00eds, se declar\u00f3 el primero de mayo como el D\u00eda Internacional de los Trabajadores, en honor a los estadounidenses que lucharon por sus derechos y muy especialmente en memoria de quienes perdieron la vida en las protestas.<\/p>\n<p>Desde entonces, esta fecha se llen\u00f3 de un significado de lucha y avance en todo el mundo. Se realizan manifestaciones y concentraciones para exigir mejores condiciones de trabajo, salarios justos y derechos laborales para todos.<\/p>\n<p>Entre las numerosas reivindicaciones que se conquistaron a partir de aquellas jornadas hist\u00f3ricas, destaca finalmente la tan ansiada y justa jornada laboral de ocho horas. En muchos pa\u00edses, el d\u00eda de trabajo dej\u00f3 de ser de 10 horas gracias a las luchas de Chicago.<\/p>\n<p>Tambi\u00e9n se alcanz\u00f3 el reconocimiento del derecho a disfrutar de vacaciones pagadas cada a\u00f1o. Entre otros logros laborales y sindicales, los trabajadores lograron conseguir el derecho a formar sindicatos y a negociar colectivamente con los empleadores.<\/p>\n<p>Otra conquista de gran trascendencia que tuvo alcance internacional fue la seguridad social, ya que los empleados han logrado, con el tiempo, esta reivindicaci\u00f3n que incluye prestaciones de desempleo, atenci\u00f3n m\u00e9dica y pensiones.<\/p>\n<p>Tambi\u00e9n se logr\u00f3 la posibilidad de establecer un salario m\u00ednimo. En muchas naciones se ha logrado un piso b\u00e1sico de ingresos, para proteger a los trabajadores de pagos injustos y explotaci\u00f3n laboral. Tambi\u00e9n para que lo que ganen sea suficiente, a fin de conseguir unas condiciones dignas de vida.<\/p>\n<p>A lo largo del tiempo, se han ido incorporando otros avances significativos, como lo es la igualdad de g\u00e9nero en el lugar de trabajo. Esta ha sido una importante reivindicaci\u00f3n para la mujer trabajadora en el mundo, quien a\u00fan hoy lucha en muchos lugares por reconocimientos que incluyan igualdad salarial y protecci\u00f3n contra la discriminaci\u00f3n por su sexo. Incluso al d\u00eda de hoy se han logrado avances internacionales y en muchos lugares en cuanto a los derechos de los trabajadores migrantes, incluyendo protecci\u00f3n contra la explotaci\u00f3n y el abuso.<\/p>\n<p>Estas son solo algunas de las muchas conquistas que quienes luchan por condiciones laborales justas han logrado a lo largo del tiempo.Sin embargo, todav\u00eda hay mucho por hacer en t\u00e9rminos de mejorar las circunstancias de trabajo y los derechos de los trabajadores del planeta entero.<\/p>\n<p>La brecha salarial, la precariedad laboral, el trabajo infantil y el acoso en el lugar de empleo, son solo algunas de las problem\u00e1ticas que a\u00fan afectan a los trabajadores en todo el mundo.<\/p>\n<p>La relaci\u00f3n entre empleado y empleador no debe ser otra que una del tipo ganar-ganar, donde quien trabaja lleve sustento a su hogar y quien proporciona el empleo obtenga la prosperidad de su empresa, a cambio del respeto y las condiciones dignas que proporcione a quienes forman parte de su n\u00f3mina.<\/p>\n<p><a href=\"https:\/\/www.daviduzcategui.com\"><strong>&#8211;&gt; <img loading=\"lazy\" class=\"alignnone size-full wp-image-24\" src=\"https:\/\/daviduzcategui.com.ve\/wpdu\/wp-content\/uploads\/2020\/10\/Home.png\" alt=\"\" width=\"17\" height=\"15\" \/> Ir a p\u00e1gina principal &lt;&#8211;<\/strong><\/a><\/p>\n","protected":false},"excerpt":{"rendered":"<p>El D\u00eda del Trabajador es una oportunidad para honrar a todos aquellos que lucharon en diversos rincones del mundo por[&#8230;]<\/p>\n","protected":false},"author":1,"featured_media":0,"comment_status":"closed","ping_status":"closed","sticky":false,"template":"","format":"standard","meta":[],"categories":[3],"tags":[],"_links":{"self":[{"href":"https:\/\/daviduzcategui.com.ve\/wpdu\/wp-json\/wp\/v2\/posts\/2919"}],"collection":[{"href":"https:\/\/daviduzcategui.com.ve\/wpdu\/wp-json\/wp\/v2\/posts"}],"about":[{"href":"https:\/\/daviduzcategui.com.ve\/wpdu\/wp-json\/wp\/v2\/types\/post"}],"author":[{"embeddable":true,"href":"https:\/\/daviduzcategui.com.ve\/wpdu\/wp-json\/wp\/v2\/users\/1"}],"replies":[{"embeddable":true,"href":"https:\/\/daviduzcategui.com.ve\/wpdu\/wp-json\/wp\/v2\/comments?post=2919"}],"version-history":[{"count":2,"href":"https:\/\/daviduzcategui.com.ve\/wpdu\/wp-json\/wp\/v2\/posts\/2919\/revisions"}],"predecessor-version":[{"id":2922,"href":"https:\/\/daviduzcategui.com.ve\/wpdu\/wp-json\/wp\/v2\/posts\/2919\/revisions\/2922"}],"wp:attachment":[{"href":"https:\/\/daviduzcategui.com.ve\/wpdu\/wp-json\/wp\/v2\/media?parent=2919"}],"wp:term":[{"taxonomy":"category","embeddable":true,"href":"https:\/\/daviduzcategui.com.ve\/wpdu\/wp-json\/wp\/v2\/categories?post=2919"},{"taxonomy":"post_tag","embeddable":true,"href":"https:\/\/daviduzcategui.com.ve\/wpdu\/wp-json\/wp\/v2\/tags?post=2919"}],"curies":[{"name":"wp","href":"https:\/\/api.w.org\/{rel}","templated":true}]}}