{"id":2909,"date":"2023-04-21T09:49:44","date_gmt":"2023-04-21T13:49:44","guid":{"rendered":"https:\/\/daviduzcategui.com.ve\/wpdu\/?p=2909"},"modified":"2023-04-22T09:51:47","modified_gmt":"2023-04-22T13:51:47","slug":"las-lecciones-de-1810","status":"publish","type":"post","link":"https:\/\/daviduzcategui.com.ve\/wpdu\/2023\/04\/21\/las-lecciones-de-1810\/","title":{"rendered":"\u00abLas lecciones de 1810\u00bb"},"content":{"rendered":"<p><img loading=\"lazy\" class=\"alignnone size-full wp-image-2910\" src=\"https:\/\/daviduzcategui.com.ve\/wpdu\/wp-content\/uploads\/2023\/04\/19abril.jpg\" alt=\"\" width=\"2289\" height=\"1017\" srcset=\"https:\/\/daviduzcategui.com.ve\/wpdu\/wp-content\/uploads\/2023\/04\/19abril.jpg 2289w, https:\/\/daviduzcategui.com.ve\/wpdu\/wp-content\/uploads\/2023\/04\/19abril-300x133.jpg 300w, https:\/\/daviduzcategui.com.ve\/wpdu\/wp-content\/uploads\/2023\/04\/19abril-1024x455.jpg 1024w, https:\/\/daviduzcategui.com.ve\/wpdu\/wp-content\/uploads\/2023\/04\/19abril-768x341.jpg 768w, https:\/\/daviduzcategui.com.ve\/wpdu\/wp-content\/uploads\/2023\/04\/19abril-1536x682.jpg 1536w, https:\/\/daviduzcategui.com.ve\/wpdu\/wp-content\/uploads\/2023\/04\/19abril-2048x910.jpg 2048w\" sizes=\"(max-width: 2289px) 100vw, 2289px\" \/><\/p>\n<p class=\"x_MsoNormal\"><span class=\"\" lang=\"ES\">El reci\u00e9n celebrado aniversario de nuestro hito hist\u00f3rico del 19 de abril de 1810, es un buen momento para reflexionar cu\u00e1nto hemos crecido como naci\u00f3n desde que, en esa fecha definitoria, decidimos tomar las riendas de nuestro destino y nuestro futuro, dando el primer paso para establecer las bases fundacionales de lo que llegar\u00eda a ser Venezuela.<\/span><\/p>\n<p class=\"x_MsoNormal\"><span class=\"\" lang=\"ES\">El vac\u00edo de poder que se produjo en Espa\u00f1a como consecuencia de las guerras napole\u00f3nicas y la captura de la familia real por Napole\u00f3n Bonaparte, ofreci\u00f3 a los criollos una circunstancia favorable para intentar emanciparse de la dominaci\u00f3n espa\u00f1ola.<\/span><\/p>\n<p class=\"x_MsoNormal\"><span class=\"\" lang=\"ES\">Este d\u00eda marc\u00f3 como referente para el movimiento independentista latinoamericano a nuestra ciudad de Caracas.<\/span><\/p>\n<p class=\"x_MsoNormal\"><span class=\"\" lang=\"ES\">De hecho, cuentan los historiadores que aquellos rebeldes compusieron e hicieron circular canciones aleg\u00f3ricas a la independencia, en las cuales invitaban a toda Hispanoam\u00e9rica a hacer causa com\u00fan y a tomar \u00aba los caraque\u00f1os por modelo para dirigir revoluciones\u00bb.<\/span><\/p>\n<p class=\"x_MsoNormal\"><span class=\"\" lang=\"ES\">Incluso se fue m\u00e1s all\u00e1, porque, al parecer, ya entonaban la canci\u00f3n que mucho m\u00e1s tarde fue declarada Himno Nacional de Venezuela.<\/span><\/p>\n<p class=\"x_MsoNormal\"><span class=\"\" lang=\"ES\">No se imaginaba aquel grupo de personas congregadas en la antigua Plaza Mayor, que la decisi\u00f3n tomada ese d\u00eda era el inicio de la delimitaci\u00f3n de nuestro gentilicio y, a la vez, una inspiraci\u00f3n para otras latitudes, en un movimiento independentista que se reg\u00f3 como la p\u00f3lvora por el continente.<\/span><\/p>\n<p class=\"x_MsoNormal\"><span class=\"\" lang=\"ES\">Una de las principales lecciones que podemos extraer como colectividad de aquel 19 de abril de 1810, es la importancia de la uni\u00f3n. En aquel momento, los primeros venezolanos se unieron para enfrentar un reto com\u00fan: el derecho a la autodeterminaci\u00f3n de su destino como colectividad.<\/span><\/p>\n<p class=\"x_MsoNormal\"><span class=\"\" lang=\"ES\">A pesar de todas las diferencias pol\u00edticas y sociales que exist\u00edan entre ellos, lograron dejar de lado todos los desacuerdos y embarcarse juntos en el trabajo por un objetivo com\u00fan.<\/span><\/p>\n<p class=\"x_MsoNormal\"><span class=\"\" lang=\"ES\">Otro aprendizaje crucial de aquel d\u00eda, fue la importancia de la participaci\u00f3n ciudadana. En ese momento, fue la gente com\u00fan y corriente la que tom\u00f3 las riendas de la situaci\u00f3n y comenz\u00f3 a reclamar su posibilidad de disentir y cambiar de rumbo.<\/span><\/p>\n<p class=\"x_MsoNormal\"><span class=\"\" lang=\"ES\">La participaci\u00f3n activa de la ciudadan\u00eda, ha sido una constante en la definici\u00f3n de la personalidad del venezolano desde hace m\u00e1s de doscientos a\u00f1os.<\/span><\/p>\n<p class=\"x_MsoNormal\"><span class=\"\" lang=\"ES\">Esa fecha hist\u00f3rica tambi\u00e9n nos deja los nombres de individuos que asumieron responsabilidades y supieron adue\u00f1arse de su rol hist\u00f3rico, pasando a ser pr\u00f3ceres y nombres clave de nuestra historia.<\/span><\/p>\n<p class=\"x_MsoNormal\"><span class=\"\" lang=\"ES\">\u00bfQu\u00e9 hubiera sido de ese d\u00eda sin el decidido Francisco Salias, sin el abogado Juan Germ\u00e1n Roscio o sin el can\u00f3nigo Jos\u00e9 Cort\u00e9s Madariaga? La decisi\u00f3n del pueblo y de la sociedad es indetenible; pero el liderazgo de esas personalidades que la historia misma parece parir para cumplir sus designios, es tambi\u00e9n imprescindible.<\/span><\/p>\n<p class=\"x_MsoNormal\"><span class=\"\" lang=\"ES\">El 19 de abril de 1810 no hubiera sido posible sin el apoyo de los notables, los intelectuales, de parte del clero y otros sectores de la sociedad; as\u00ed como de un n\u00facleo considerable del pueblo. As\u00ed se pudo hilar el principio del fin, por lo menos jur\u00eddicamente, del r\u00e9gimen espa\u00f1ol en Venezuela.<\/span><\/p>\n<p class=\"x_MsoNormal\"><span class=\"\" lang=\"ES\">Tambi\u00e9n debemos destacar que aquella fecha nos dej\u00f3 clara la importancia de la perseverancia. Ya desde unos cuantos a\u00f1os antes hab\u00edan aparecido atisbos de la vocaci\u00f3n independentista nacional, que no se hab\u00edan concretado en hechos que permitieran abrir la puerta a un proceso que se considerara el detonante de ese nuevo destino.<\/span><\/p>\n<p class=\"x_MsoNormal\"><span class=\"\" lang=\"ES\">El Diccionario de Historia de Venezuela recoge que \u201cEl proceso de la emancipaci\u00f3n hispanoamericana y en particular de Venezuela se incuba y desarrolla a todo lo largo del siglo XVIII. Motines, asonadas, rebeld\u00edas, insurrecciones de car\u00e1cter individual o colectivo se suceden en ese per\u00edodo\u201d.<\/span><\/p>\n<p class=\"x_MsoNormal\"><span class=\"\" lang=\"ES\">La misma fuente agrega que casi todas estas manifestaciones part\u00edan del descontento de los criollos, de los indios y de los esclavos por causas econ\u00f3micas y sociales, m\u00e1s que pol\u00edticas.<\/span><\/p>\n<p class=\"x_MsoNormal\"><span class=\"\" lang=\"ES\">Eran m\u00e1s bien una repetida protesta contra las contribuciones, impuestos, grav\u00e1menes, injusticias, abusos y excesos a que eran sometidos por las autoridades espa\u00f1olas.<\/span><\/p>\n<p class=\"x_MsoNormal\"><span class=\"\" lang=\"ES\">Entre los antecedentes m\u00e1s cercanos al 19 de abril, se hallan la conspiraci\u00f3n de Gual y Espa\u00f1a en 1797, la expedici\u00f3n libertadora de Francisco de Miranda en 1806 y la conspiraci\u00f3n de los Mantuanos en 1808.<\/span><\/p>\n<p class=\"x_MsoNormal\"><span class=\"\" lang=\"ES\">Todos parec\u00edan hechos aislados, fortuitos y extintos tras haberse apagado; pero en realidad cada uno de ellos fue un escal\u00f3n hacia arriba para un destino superior. Todo hace sentido hoy, cuando lo observamos desde la distancia de los a\u00f1os.<\/span><\/p>\n<p class=\"x_MsoNormal\"><span class=\"\" lang=\"ES\">No cabe duda de que la venezolanidad tuvo un d\u00eda definitorio en aquella fecha; como tampoco dudamos de que las lecciones m\u00e1s valiosas para nuestro futuro est\u00e1n en nuestro pasado, en ese rinc\u00f3n en el cual podemos comprender qui\u00e9nes somos y por qu\u00e9 somos as\u00ed los venezolanos.<\/span><\/p>\n<p><a href=\"https:\/\/www.daviduzcategui.com\"><strong>&#8211;&gt; <img loading=\"lazy\" class=\"alignnone size-full wp-image-24\" src=\"https:\/\/daviduzcategui.com.ve\/wpdu\/wp-content\/uploads\/2020\/10\/Home.png\" alt=\"\" width=\"17\" height=\"15\" \/> Ir a p\u00e1gina principal &lt;&#8211;<\/strong><\/a><\/p>\n","protected":false},"excerpt":{"rendered":"<p>El reci\u00e9n celebrado aniversario de nuestro hito hist\u00f3rico del 19 de abril de 1810, es un buen momento para reflexionar[&#8230;]<\/p>\n","protected":false},"author":1,"featured_media":0,"comment_status":"closed","ping_status":"closed","sticky":false,"template":"","format":"standard","meta":[],"categories":[3],"tags":[],"_links":{"self":[{"href":"https:\/\/daviduzcategui.com.ve\/wpdu\/wp-json\/wp\/v2\/posts\/2909"}],"collection":[{"href":"https:\/\/daviduzcategui.com.ve\/wpdu\/wp-json\/wp\/v2\/posts"}],"about":[{"href":"https:\/\/daviduzcategui.com.ve\/wpdu\/wp-json\/wp\/v2\/types\/post"}],"author":[{"embeddable":true,"href":"https:\/\/daviduzcategui.com.ve\/wpdu\/wp-json\/wp\/v2\/users\/1"}],"replies":[{"embeddable":true,"href":"https:\/\/daviduzcategui.com.ve\/wpdu\/wp-json\/wp\/v2\/comments?post=2909"}],"version-history":[{"count":1,"href":"https:\/\/daviduzcategui.com.ve\/wpdu\/wp-json\/wp\/v2\/posts\/2909\/revisions"}],"predecessor-version":[{"id":2911,"href":"https:\/\/daviduzcategui.com.ve\/wpdu\/wp-json\/wp\/v2\/posts\/2909\/revisions\/2911"}],"wp:attachment":[{"href":"https:\/\/daviduzcategui.com.ve\/wpdu\/wp-json\/wp\/v2\/media?parent=2909"}],"wp:term":[{"taxonomy":"category","embeddable":true,"href":"https:\/\/daviduzcategui.com.ve\/wpdu\/wp-json\/wp\/v2\/categories?post=2909"},{"taxonomy":"post_tag","embeddable":true,"href":"https:\/\/daviduzcategui.com.ve\/wpdu\/wp-json\/wp\/v2\/tags?post=2909"}],"curies":[{"name":"wp","href":"https:\/\/api.w.org\/{rel}","templated":true}]}}