{"id":2500,"date":"2022-03-07T18:01:40","date_gmt":"2022-03-07T22:01:40","guid":{"rendered":"https:\/\/daviduzcategui.com.ve\/wpdu\/?p=2500"},"modified":"2022-03-09T08:05:26","modified_gmt":"2022-03-09T12:05:26","slug":"hoy-fue-un-dia-muy-especial-para-mi-y-mi-esposa-lorenaguerrao","status":"publish","type":"post","link":"https:\/\/daviduzcategui.com.ve\/wpdu\/2022\/03\/07\/hoy-fue-un-dia-muy-especial-para-mi-y-mi-esposa-lorenaguerrao\/","title":{"rendered":"\u00abHoy fue un d\u00eda muy especial para mi y mi esposa\u00a0@lorenaguerrao\u00a0!\u00bb"},"content":{"rendered":"<p><img loading=\"lazy\" class=\"alignnone size-full wp-image-2501\" src=\"https:\/\/daviduzcategui.com.ve\/wpdu\/wp-content\/uploads\/2022\/03\/70322.jpg\" alt=\"\" width=\"1069\" height=\"885\" srcset=\"https:\/\/daviduzcategui.com.ve\/wpdu\/wp-content\/uploads\/2022\/03\/70322.jpg 1069w, https:\/\/daviduzcategui.com.ve\/wpdu\/wp-content\/uploads\/2022\/03\/70322-300x248.jpg 300w, https:\/\/daviduzcategui.com.ve\/wpdu\/wp-content\/uploads\/2022\/03\/70322-1024x848.jpg 1024w, https:\/\/daviduzcategui.com.ve\/wpdu\/wp-content\/uploads\/2022\/03\/70322-768x636.jpg 768w\" sizes=\"(max-width: 1069px) 100vw, 1069px\" \/><\/p>\n<p>\u26ab\ufe0f\ud83d\udd34\ud83d\udfe1\u00a0 Despu\u00e9s de 16 a\u00f1os sin hacerse, se llev\u00f3 a cabo la primera comuni\u00f3n de los ni\u00f1os de la Parroquia Cumbo en el Municipio Andr\u00e9s Bello de Barlovento de mi amada Miranda.<\/p>\n<p>Fue un d\u00eda en donde nuestros corazones se llenaron de esperanza al ver los rostros llenos de felicidad de nuestros ni\u00f1os y j\u00f3venes barlovente\u00f1os.<\/p>\n<p>Quiero felicitar a las catequistas, a las madres y padres, a los sacerdotes por esta noble labor y animarlos a seguir adelante. Conmigo siempre van a contar!<\/p>\n<p><a href=\"https:\/\/www.daviduzcategui.com\"><strong>&#8211;&gt; <img loading=\"lazy\" class=\"alignnone size-full wp-image-24\" src=\"https:\/\/daviduzcategui.com.ve\/wpdu\/wp-content\/uploads\/2020\/10\/Home.png\" alt=\"\" width=\"17\" height=\"15\" \/> Ir a p\u00e1gina principal &lt;&#8211;<\/strong><\/a><\/p>\n","protected":false},"excerpt":{"rendered":"<p>\u26ab\ufe0f\ud83d\udd34\ud83d\udfe1\u00a0 Despu\u00e9s de 16 a\u00f1os sin hacerse, se llev\u00f3 a cabo la primera comuni\u00f3n de los ni\u00f1os de la Parroquia[&#8230;]<\/p>\n","protected":false},"author":1,"featured_media":0,"comment_status":"closed","ping_status":"closed","sticky":false,"template":"","format":"standard","meta":[],"categories":[2],"tags":[],"_links":{"self":[{"href":"https:\/\/daviduzcategui.com.ve\/wpdu\/wp-json\/wp\/v2\/posts\/2500"}],"collection":[{"href":"https:\/\/daviduzcategui.com.ve\/wpdu\/wp-json\/wp\/v2\/posts"}],"about":[{"href":"https:\/\/daviduzcategui.com.ve\/wpdu\/wp-json\/wp\/v2\/types\/post"}],"author":[{"embeddable":true,"href":"https:\/\/daviduzcategui.com.ve\/wpdu\/wp-json\/wp\/v2\/users\/1"}],"replies":[{"embeddable":true,"href":"https:\/\/daviduzcategui.com.ve\/wpdu\/wp-json\/wp\/v2\/comments?post=2500"}],"version-history":[{"count":1,"href":"https:\/\/daviduzcategui.com.ve\/wpdu\/wp-json\/wp\/v2\/posts\/2500\/revisions"}],"predecessor-version":[{"id":2502,"href":"https:\/\/daviduzcategui.com.ve\/wpdu\/wp-json\/wp\/v2\/posts\/2500\/revisions\/2502"}],"wp:attachment":[{"href":"https:\/\/daviduzcategui.com.ve\/wpdu\/wp-json\/wp\/v2\/media?parent=2500"}],"wp:term":[{"taxonomy":"category","embeddable":true,"href":"https:\/\/daviduzcategui.com.ve\/wpdu\/wp-json\/wp\/v2\/categories?post=2500"},{"taxonomy":"post_tag","embeddable":true,"href":"https:\/\/daviduzcategui.com.ve\/wpdu\/wp-json\/wp\/v2\/tags?post=2500"}],"curies":[{"name":"wp","href":"https:\/\/api.w.org\/{rel}","templated":true}]}}