{"id":2211,"date":"2021-10-15T08:43:29","date_gmt":"2021-10-15T12:43:29","guid":{"rendered":"https:\/\/daviduzcategui.com.ve\/wpdu\/?p=2211"},"modified":"2021-10-16T09:20:09","modified_gmt":"2021-10-16T13:20:09","slug":"hoy-celebro-un-ano-mas-de-vida","status":"publish","type":"post","link":"https:\/\/daviduzcategui.com.ve\/wpdu\/2021\/10\/15\/hoy-celebro-un-ano-mas-de-vida\/","title":{"rendered":"\u00abHoy celebro un a\u00f1o m\u00e1s de vida.\u00bb"},"content":{"rendered":"<p><img loading=\"lazy\" class=\"alignnone size-full wp-image-2213\" src=\"https:\/\/daviduzcategui.com.ve\/wpdu\/wp-content\/uploads\/2021\/10\/Cumple-1.jpg\" alt=\"\" width=\"717\" height=\"535\" srcset=\"https:\/\/daviduzcategui.com.ve\/wpdu\/wp-content\/uploads\/2021\/10\/Cumple-1.jpg 717w, https:\/\/daviduzcategui.com.ve\/wpdu\/wp-content\/uploads\/2021\/10\/Cumple-1-300x224.jpg 300w\" sizes=\"(max-width: 717px) 100vw, 717px\" \/><\/p>\n<p>Quiero dar gracias a Dios por todas las bendiciones: por mi familia, mi esposa, mis hijos, mis padres, hermanos, tantos amigos, por tener tantos compa\u00f1eros de lucha con los que tengo el objetivo com\u00fan de cambiar esta dantesca realidad en Miranda que nos agobia.<\/p>\n<p><img loading=\"lazy\" class=\"size-medium wp-image-2214 alignleft\" src=\"https:\/\/daviduzcategui.com.ve\/wpdu\/wp-content\/uploads\/2021\/10\/Cumple-2-300x223.jpg\" alt=\"\" width=\"300\" height=\"223\" srcset=\"https:\/\/daviduzcategui.com.ve\/wpdu\/wp-content\/uploads\/2021\/10\/Cumple-2-300x223.jpg 300w, https:\/\/daviduzcategui.com.ve\/wpdu\/wp-content\/uploads\/2021\/10\/Cumple-2.jpg 713w\" sizes=\"(max-width: 300px) 100vw, 300px\" \/><\/p>\n<p>Hoy he recibido much\u00edsimas felicitaciones, cosa que agradezco profundamente. Miles de mensajes, llamadas, publicaciones. Para mi todos sus mensajes son importantes. Recibir mensajes del m\u00e1s rec\u00f3ndito pueblito de Miranda (incluso de personas que con toda la humildad me mandan un mensaje de texto) me llena de alegr\u00eda y felicidad. Me llena de amor mi coraz\u00f3n.<\/p>\n<p><img loading=\"lazy\" class=\"size-medium wp-image-2215 alignright\" src=\"https:\/\/daviduzcategui.com.ve\/wpdu\/wp-content\/uploads\/2021\/10\/Cumple-3-300x225.jpg\" alt=\"\" width=\"300\" height=\"225\" srcset=\"https:\/\/daviduzcategui.com.ve\/wpdu\/wp-content\/uploads\/2021\/10\/Cumple-3-300x225.jpg 300w, https:\/\/daviduzcategui.com.ve\/wpdu\/wp-content\/uploads\/2021\/10\/Cumple-3.jpg 709w\" sizes=\"(max-width: 300px) 100vw, 300px\" \/><\/p>\n<p>Como todos los a\u00f1os, dedico mi cumplea\u00f1os a trabajar. Hoy nos toc\u00f3 Guarenas y Guatire. Qu\u00e9 calor hac\u00eda hoy por cierto! Agradezco tantos gestos de amor y cari\u00f1o a mi paso el d\u00eda de hoy.<\/p>\n<p><img loading=\"lazy\" class=\"size-medium wp-image-2217 alignright\" style=\"font-size: 1.0625rem;\" src=\"https:\/\/daviduzcategui.com.ve\/wpdu\/wp-content\/uploads\/2021\/10\/Cumple-6-300x226.jpg\" alt=\"\" width=\"300\" height=\"226\" srcset=\"https:\/\/daviduzcategui.com.ve\/wpdu\/wp-content\/uploads\/2021\/10\/Cumple-6-300x226.jpg 300w, https:\/\/daviduzcategui.com.ve\/wpdu\/wp-content\/uploads\/2021\/10\/Cumple-6.jpg 705w\" sizes=\"(max-width: 300px) 100vw, 300px\" \/>A pesar de ser un d\u00eda de celebraci\u00f3n personal, no dejo de pensar en tantas personas que hoy sufren, que hoy no tienen alimento, que no tienen techo ni medicinas. Que se han separado de sus familias, que la pasan mal. Nuestra lucha es por ellos, todos los d\u00edas, <span style=\"font-size: 1.0625rem;\">sin descanso.<\/span><\/p>\n<p><img loading=\"lazy\" class=\"size-medium wp-image-2216 alignright\" src=\"https:\/\/daviduzcategui.com.ve\/wpdu\/wp-content\/uploads\/2021\/10\/Cumple-4-300x224.jpg\" alt=\"\" width=\"300\" height=\"224\" srcset=\"https:\/\/daviduzcategui.com.ve\/wpdu\/wp-content\/uploads\/2021\/10\/Cumple-4-300x224.jpg 300w, https:\/\/daviduzcategui.com.ve\/wpdu\/wp-content\/uploads\/2021\/10\/Cumple-4.jpg 715w\" sizes=\"(max-width: 300px) 100vw, 300px\" \/><\/p>\n<p>No saben cu\u00e1nto los quiero! Amo a mi pa\u00eds, amo a mi Miranda, que ya <span style=\"font-size: 1.0625rem;\">lo he recorrido hasta el \u00faltimo rinc\u00f3n. Muchos de ustedes saben que soy una hombre de retos. Y este reto que nos hemos trazado, lo vamos a lograr JUNTOS. Es la lucha por la dignidad en todo sentido. Por hacer las cosas correctas. Y al lograrlo, demostrar de qu\u00e9 estamos hechos.<\/span><\/p>\n<p>&nbsp;<\/p>\n<p style=\"text-align: center;\"><strong>Bendiciones para todos! Gracias por tanto! Los quiero!<\/strong><\/p>\n<p>&nbsp;<\/p>\n<p><a href=\"https:\/\/www.daviduzcategui.com\"><strong>&#8211;&gt; <img loading=\"lazy\" class=\"alignnone size-full wp-image-24\" src=\"https:\/\/daviduzcategui.com.ve\/wpdu\/wp-content\/uploads\/2020\/10\/Home.png\" alt=\"\" width=\"17\" height=\"15\" \/> Ir a p\u00e1gina principal &lt;&#8211;<\/strong><\/a><\/p>\n","protected":false},"excerpt":{"rendered":"<p>Quiero dar gracias a Dios por todas las bendiciones: por mi familia, mi esposa, mis hijos, mis padres, hermanos, tantos[&#8230;]<\/p>\n","protected":false},"author":1,"featured_media":0,"comment_status":"closed","ping_status":"closed","sticky":false,"template":"","format":"standard","meta":[],"categories":[1],"tags":[],"_links":{"self":[{"href":"https:\/\/daviduzcategui.com.ve\/wpdu\/wp-json\/wp\/v2\/posts\/2211"}],"collection":[{"href":"https:\/\/daviduzcategui.com.ve\/wpdu\/wp-json\/wp\/v2\/posts"}],"about":[{"href":"https:\/\/daviduzcategui.com.ve\/wpdu\/wp-json\/wp\/v2\/types\/post"}],"author":[{"embeddable":true,"href":"https:\/\/daviduzcategui.com.ve\/wpdu\/wp-json\/wp\/v2\/users\/1"}],"replies":[{"embeddable":true,"href":"https:\/\/daviduzcategui.com.ve\/wpdu\/wp-json\/wp\/v2\/comments?post=2211"}],"version-history":[{"count":2,"href":"https:\/\/daviduzcategui.com.ve\/wpdu\/wp-json\/wp\/v2\/posts\/2211\/revisions"}],"predecessor-version":[{"id":2218,"href":"https:\/\/daviduzcategui.com.ve\/wpdu\/wp-json\/wp\/v2\/posts\/2211\/revisions\/2218"}],"wp:attachment":[{"href":"https:\/\/daviduzcategui.com.ve\/wpdu\/wp-json\/wp\/v2\/media?parent=2211"}],"wp:term":[{"taxonomy":"category","embeddable":true,"href":"https:\/\/daviduzcategui.com.ve\/wpdu\/wp-json\/wp\/v2\/categories?post=2211"},{"taxonomy":"post_tag","embeddable":true,"href":"https:\/\/daviduzcategui.com.ve\/wpdu\/wp-json\/wp\/v2\/tags?post=2211"}],"curies":[{"name":"wp","href":"https:\/\/api.w.org\/{rel}","templated":true}]}}