{"id":1972,"date":"2021-08-20T07:14:17","date_gmt":"2021-08-20T11:14:17","guid":{"rendered":"https:\/\/daviduzcategui.com.ve\/wpdu\/?p=1972"},"modified":"2021-08-19T21:26:49","modified_gmt":"2021-08-20T01:26:49","slug":"primarias-y-democracia","status":"publish","type":"post","link":"https:\/\/daviduzcategui.com.ve\/wpdu\/2021\/08\/20\/primarias-y-democracia\/","title":{"rendered":"\u00abPrimarias y democracia\u00bb"},"content":{"rendered":"<p><img loading=\"lazy\" class=\"alignnone size-full wp-image-1974\" src=\"https:\/\/daviduzcategui.com.ve\/wpdu\/wp-content\/uploads\/2021\/08\/PrimariasYA.jpg\" alt=\"\" width=\"2213\" height=\"949\" srcset=\"https:\/\/daviduzcategui.com.ve\/wpdu\/wp-content\/uploads\/2021\/08\/PrimariasYA.jpg 2213w, https:\/\/daviduzcategui.com.ve\/wpdu\/wp-content\/uploads\/2021\/08\/PrimariasYA-300x129.jpg 300w, https:\/\/daviduzcategui.com.ve\/wpdu\/wp-content\/uploads\/2021\/08\/PrimariasYA-1024x439.jpg 1024w, https:\/\/daviduzcategui.com.ve\/wpdu\/wp-content\/uploads\/2021\/08\/PrimariasYA-768x329.jpg 768w, https:\/\/daviduzcategui.com.ve\/wpdu\/wp-content\/uploads\/2021\/08\/PrimariasYA-1536x659.jpg 1536w, https:\/\/daviduzcategui.com.ve\/wpdu\/wp-content\/uploads\/2021\/08\/PrimariasYA-2048x878.jpg 2048w\" sizes=\"(max-width: 2213px) 100vw, 2213px\" \/><\/p>\n<p class=\"x_MsoNormal\"><span class=\"\" lang=\"ES-TRAD\">En momentos en los cuales Venezuela padece un enorme d\u00e9ficit de democracia, quienes aspiramos a una posici\u00f3n de servicio p\u00fablico decidida a trav\u00e9s de las manos de la ciudadan\u00eda, tenemos el deber de empujar el ejercicio democr\u00e1tico desde las bases. Desde el primer paso, en todos y en cada uno de los momentos en los cuales sea posible.\u00a0<\/span><\/p>\n<p class=\"x_MsoNormal\"><span class=\"\" lang=\"ES-TRAD\">Una vez expuesto este razonamiento, paso a referirme en particular a la situaci\u00f3n que hoy se presenta en el estado Miranda, donde representamos una propuesta de cambio que definitivamente es plural y masiva.\u00a0<\/span><\/p>\n<p class=\"x_MsoNormal\"><span class=\"\" lang=\"ES-TRAD\">Esta propuesta se ha venido construyendo desde abajo y a lo largo del tiempo. Ha significado recorridos de a\u00f1os, no para imponer, sino para conocer las bases reales de la fuerza popular de nuestra entidad. Para articularlas y comunicarlas entre s\u00ed.<\/span><\/p>\n<p class=\"x_MsoNormal\"><span class=\"\" lang=\"ES-TRAD\">Para materializar un proyecto unificado y que escuche las voces de quienes saben y conocen, porque est\u00e1n profundamente vinculados al sentimiento y a los problemas de sus respectivas comunidades.\u00a0<\/span><\/p>\n<p class=\"x_MsoNormal\"><span class=\"\" lang=\"ES-TRAD\">Desde este punto de vista, consideramos que hoy es el momento adecuado e impostergable para realizar elecciones primarias en nuestro estado, con el fin de decidir qui\u00e9n ser\u00e1 el candidato a la gobernaci\u00f3n que pueda otorgarle el triunfo a las fuerzas democr\u00e1ticas en las pr\u00f3ximas elecciones regionales.\u00a0<\/span><\/p>\n<p class=\"x_MsoNormal\"><span class=\"\" lang=\"ES-TRAD\">Debemos una vez m\u00e1s ver el vaso medio lleno. La exigencia de unidad se respira en el ambiente. Todos los que nos oponemos al rumbo equivocado y fatal que lleva el pa\u00eds, entendemos que la manera de reconstruirlo y abrirnos a un futuro viable es uniendo esfuerzos para derrotar en los eventos electorales a una vieja promesa que termin\u00f3 convertida en pesadilla.\u00a0<\/span><\/p>\n<p class=\"x_MsoNormal\"><span class=\"\" lang=\"ES-TRAD\">Y todos los que se quieran anotar en este sentimiento de urgencia por el cambio, tenemos que remar juntos el mismo bote y en la misma direcci\u00f3n. No se puede escapar al mandato unitario de los venezolanos.\u00a0<\/span><\/p>\n<p class=\"x_MsoNormal\"><span class=\"\" lang=\"ES-TRAD\">De esta manera, se han barajado sobre la mesa las distintas alternativas a trav\u00e9s de las cuales podemos llegar al candidato unitario para nuestra entidad.\u00a0<\/span><\/p>\n<p class=\"x_MsoNormal\"><span class=\"\" lang=\"ES-TRAD\">Hay quienes han propuesto las encuestas como un medidor, un referente, para lograr este gran paso de cara a una decisi\u00f3n en la cual nos estamos jugando tanto. Otros, creemos en las elecciones primarias.\u00a0<\/span><\/p>\n<p class=\"x_MsoNormal\"><span class=\"\" lang=\"ES-TRAD\">Y lo hacemos por lo que expusimos m\u00e1s arriba: es urgente empujar cuantos ejercicios de democracia sea posible realizar, porque no podemos perder cualquier oportunidad posible de sumar a la restituci\u00f3n c\u00edvica de nuestra naci\u00f3n.\u00a0<\/span><\/p>\n<p class=\"x_MsoNormal\"><span class=\"\" lang=\"ES-TRAD\">Porque hay que dar un ejemplo crucial y trascendental a nuestros j\u00f3venes y ni\u00f1os que han crecido entre vociferantes manifestaciones de autoritarismo. Estamos comprometidos a demostrarles que hay opciones distintas, que somos distintos. Y que el camino para escapar de un destino al que nos negamos, es el voto.\u00a0<\/span><\/p>\n<p class=\"x_MsoNormal\"><span class=\"\" lang=\"ES-TRAD\">Y hacemos este alegato en momentos en los cuales las encuestadoras m\u00e1s prestigiosas del pa\u00eds otorgan una ventaja a nuestra opci\u00f3n de cambio. No se trata de que la alternativa de las encuestas nos sea adversa. Es que el voto primario es una herramienta infinitamente m\u00e1s leg\u00edtima para dejar sellada la voluntad de la gente, en un evento que resulte incuestionablemente blindado.\u00a0<\/span><\/p>\n<p class=\"x_MsoNormal\"><span class=\"\" lang=\"ES-TRAD\">De este encuentro civil saldr\u00e1 un favorecido, con la misi\u00f3n de derrotar el oscurantismo que se ha tragado a nuestro estado en los \u00faltimos a\u00f1os, y de regresarlo a la senda del bienestar y la superaci\u00f3n, de lo cual somos capaces y de lo que nos llegaremos a sentir sin duda orgullosos.\u00a0<\/span><\/p>\n<p class=\"x_MsoNormal\"><span class=\"\" lang=\"ES-TRAD\">Con el sentimiento unitario que fuertemente se percibe en el aire, habr\u00e1 de entrada un compromiso por parte de quien no sea elegido por el voto de Miranda: deber\u00e1 integrarse al trabajo necesario para concretar el objetivo final.\u00a0<\/span><\/p>\n<p class=\"x_MsoNormal\"><span class=\"\" lang=\"ES-TRAD\">Estamos claros en que el verdadero adversario no est\u00e1 en nuestras filas, sino en la acera de enfrente. Es ese modo equivocado y retorcido de hacer pol\u00edtica, que llev\u00f3 al oficialismo a organizar unas supuestas elecciones primarias, para luego terminar imponiendo sus candidatos a dedo.\u00a0<\/span><\/p>\n<p class=\"x_MsoNormal\"><span class=\"\" lang=\"ES-TRAD\">Una burla a la buena voluntad de la gente inocente que se moviliz\u00f3 para emitir un voto y manifestar su voluntad, una voluntad que no vale nada a los ojos de quienes ven el poder como un ejercicio vertical. Concepci\u00f3n aberrante, que deslegitima de entrada a quienes proceden de esta manera.\u00a0<\/span><\/p>\n<p class=\"x_MsoNormal\"><span class=\"\" lang=\"ES-TRAD\">No es poco lo que tenemos que enfrentar. Es la concepci\u00f3n de la pol\u00edtica desde el ego, desde las agendas personales y las luchas intestinas entre quienes ven al cargo p\u00fablico como un trofeo y no como un instrumento de servicio. La \u00fanica manera de vencerlos es unidos.\u00a0<\/span><\/p>\n<p class=\"x_MsoNormal\"><span class=\"\" lang=\"ES-TRAD\">Ya estamos dedicados a convocar a todos los equipos pol\u00edticos, a todos los dirigentes vecinales, a recoger firmas para exigir las primarias que los mirandinos quieren. Si no hay un acuerdo, si hay diferencias, que sea la comunidad quien decida.<\/span><\/p>\n<p><a href=\"https:\/\/www.daviduzcategui.com\"><strong>&#8211;&gt; <img loading=\"lazy\" class=\"alignnone size-full wp-image-24\" src=\"https:\/\/daviduzcategui.com.ve\/wpdu\/wp-content\/uploads\/2020\/10\/Home.png\" alt=\"\" width=\"17\" height=\"15\" \/> Ir a p\u00e1gina principal &lt;&#8211;<\/strong><\/a><\/p>\n","protected":false},"excerpt":{"rendered":"<p>En momentos en los cuales Venezuela padece un enorme d\u00e9ficit de democracia, quienes aspiramos a una posici\u00f3n de servicio p\u00fablico[&#8230;]<\/p>\n","protected":false},"author":1,"featured_media":0,"comment_status":"closed","ping_status":"closed","sticky":false,"template":"","format":"standard","meta":[],"categories":[3],"tags":[],"_links":{"self":[{"href":"https:\/\/daviduzcategui.com.ve\/wpdu\/wp-json\/wp\/v2\/posts\/1972"}],"collection":[{"href":"https:\/\/daviduzcategui.com.ve\/wpdu\/wp-json\/wp\/v2\/posts"}],"about":[{"href":"https:\/\/daviduzcategui.com.ve\/wpdu\/wp-json\/wp\/v2\/types\/post"}],"author":[{"embeddable":true,"href":"https:\/\/daviduzcategui.com.ve\/wpdu\/wp-json\/wp\/v2\/users\/1"}],"replies":[{"embeddable":true,"href":"https:\/\/daviduzcategui.com.ve\/wpdu\/wp-json\/wp\/v2\/comments?post=1972"}],"version-history":[{"count":2,"href":"https:\/\/daviduzcategui.com.ve\/wpdu\/wp-json\/wp\/v2\/posts\/1972\/revisions"}],"predecessor-version":[{"id":1975,"href":"https:\/\/daviduzcategui.com.ve\/wpdu\/wp-json\/wp\/v2\/posts\/1972\/revisions\/1975"}],"wp:attachment":[{"href":"https:\/\/daviduzcategui.com.ve\/wpdu\/wp-json\/wp\/v2\/media?parent=1972"}],"wp:term":[{"taxonomy":"category","embeddable":true,"href":"https:\/\/daviduzcategui.com.ve\/wpdu\/wp-json\/wp\/v2\/categories?post=1972"},{"taxonomy":"post_tag","embeddable":true,"href":"https:\/\/daviduzcategui.com.ve\/wpdu\/wp-json\/wp\/v2\/tags?post=1972"}],"curies":[{"name":"wp","href":"https:\/\/api.w.org\/{rel}","templated":true}]}}