{"id":1965,"date":"2021-08-17T22:02:25","date_gmt":"2021-08-18T02:02:25","guid":{"rendered":"https:\/\/daviduzcategui.com.ve\/wpdu\/?p=1965"},"modified":"2021-08-17T22:02:25","modified_gmt":"2021-08-18T02:02:25","slug":"miranda-exige-primarias","status":"publish","type":"post","link":"https:\/\/daviduzcategui.com.ve\/wpdu\/2021\/08\/17\/miranda-exige-primarias\/","title":{"rendered":"\u00ab\u00a1Miranda exige primarias!\u00bb"},"content":{"rendered":"<div dir=\"auto\"><img loading=\"lazy\" class=\"alignnone size-full wp-image-1969\" src=\"https:\/\/daviduzcategui.com.ve\/wpdu\/wp-content\/uploads\/2021\/08\/PG-2.jpg\" alt=\"\" width=\"960\" height=\"720\" srcset=\"https:\/\/daviduzcategui.com.ve\/wpdu\/wp-content\/uploads\/2021\/08\/PG-2.jpg 960w, https:\/\/daviduzcategui.com.ve\/wpdu\/wp-content\/uploads\/2021\/08\/PG-2-300x225.jpg 300w, https:\/\/daviduzcategui.com.ve\/wpdu\/wp-content\/uploads\/2021\/08\/PG-2-768x576.jpg 768w\" sizes=\"(max-width: 960px) 100vw, 960px\" \/><\/div>\n<div class=\"o9v6fnle cxmmr5t8 oygrvhab hcukyx3x c1et5uql ii04i59q\">\n<div dir=\"auto\">\u26ab\ufe0f\ud83d\udd34\ud83d\udfe1\u00a0 Desde Fuerza Vecinal reiteramos el llamado a realizar unas elecciones primarias para que los mirandinos decidan qui\u00e9n ser\u00e1 el candidato \u00fanico por la unidad de cara a las elecciones pautadas para este 21 de noviembre.<\/div>\n<div dir=\"auto\"><\/div>\n<\/div>\n<div class=\"o9v6fnle cxmmr5t8 oygrvhab hcukyx3x c1et5uql ii04i59q\">\n<div dir=\"auto\">Proponemos primarias a pesar de haber ganado las encuestas de las principales empresas de opini\u00f3n p\u00fablica del pa\u00eds, Delphos y Datincorp, con una clara ventaja. El d\u00eda de hoy mis hermanos los Alcaldes @eliasayegh @gustavoduquesaez @darwingonzalezp el Secretario General de Acci\u00f3n Democr\u00e1tica en Miranda @guatavoruizadeian y Jos\u00e9 Hernandez Sub Secretario General de Organizaci\u00f3n de Un Nuevo Tiempo y dem\u00e1s dirigentes, reiteramos que la candidatura \u00fanica es nuestra posibilidad real para derrotar a este sistema que tiene a Miranda sumida en la pobreza, desidia y destrucci\u00f3n.<\/div>\n<div dir=\"auto\"><\/div>\n<\/div>\n<div class=\"o9v6fnle cxmmr5t8 oygrvhab hcukyx3x c1et5uql ii04i59q\">\n<div dir=\"auto\">Quien gana recibe el apoyo del perdedor y el perdedor apoya a quien gana. Esa es nuestra forma de trabajar, siempre pensando en lo mejor para los mirandinos.<\/div>\n<div dir=\"auto\"><\/div>\n<\/div>\n<div class=\"o9v6fnle cxmmr5t8 oygrvhab hcukyx3x c1et5uql ii04i59q\">\n<div dir=\"auto\">Propusimos como fecha para realizaci\u00f3n un proceso de primarias este 22 de agosto, pero no hemos recibido respuesta. Basta de excusas y dilaciones. El inter\u00e9s colectivo siempre debe estar por encima de cualquiera aspiraci\u00f3n personal.<\/div>\n<div dir=\"auto\"><\/div>\n<\/div>\n<div class=\"o9v6fnle cxmmr5t8 oygrvhab hcukyx3x c1et5uql ii04i59q\">\n<div dir=\"auto\">Miranda anhela cambio, anhela progreso, desarrollo y calidad de vida.<\/div>\n<\/div>\n<div class=\"o9v6fnle cxmmr5t8 oygrvhab hcukyx3x c1et5uql ii04i59q\">\n<div dir=\"auto\">Despierta Miranda!<\/div>\n<\/div>\n<p><a href=\"https:\/\/www.daviduzcategui.com\"><strong>&#8211;&gt; <img loading=\"lazy\" class=\"alignnone size-full wp-image-24\" src=\"https:\/\/daviduzcategui.com.ve\/wpdu\/wp-content\/uploads\/2020\/10\/Home.png\" alt=\"\" width=\"17\" height=\"15\" \/> Ir a p\u00e1gina principal &lt;&#8211;<\/strong><\/a><\/p>\n","protected":false},"excerpt":{"rendered":"<p>\u26ab\ufe0f\ud83d\udd34\ud83d\udfe1\u00a0 Desde Fuerza Vecinal reiteramos el llamado a realizar unas elecciones primarias para que los mirandinos decidan qui\u00e9n ser\u00e1 el[&#8230;]<\/p>\n","protected":false},"author":1,"featured_media":0,"comment_status":"closed","ping_status":"closed","sticky":false,"template":"","format":"standard","meta":[],"categories":[2],"tags":[],"_links":{"self":[{"href":"https:\/\/daviduzcategui.com.ve\/wpdu\/wp-json\/wp\/v2\/posts\/1965"}],"collection":[{"href":"https:\/\/daviduzcategui.com.ve\/wpdu\/wp-json\/wp\/v2\/posts"}],"about":[{"href":"https:\/\/daviduzcategui.com.ve\/wpdu\/wp-json\/wp\/v2\/types\/post"}],"author":[{"embeddable":true,"href":"https:\/\/daviduzcategui.com.ve\/wpdu\/wp-json\/wp\/v2\/users\/1"}],"replies":[{"embeddable":true,"href":"https:\/\/daviduzcategui.com.ve\/wpdu\/wp-json\/wp\/v2\/comments?post=1965"}],"version-history":[{"count":2,"href":"https:\/\/daviduzcategui.com.ve\/wpdu\/wp-json\/wp\/v2\/posts\/1965\/revisions"}],"predecessor-version":[{"id":1970,"href":"https:\/\/daviduzcategui.com.ve\/wpdu\/wp-json\/wp\/v2\/posts\/1965\/revisions\/1970"}],"wp:attachment":[{"href":"https:\/\/daviduzcategui.com.ve\/wpdu\/wp-json\/wp\/v2\/media?parent=1965"}],"wp:term":[{"taxonomy":"category","embeddable":true,"href":"https:\/\/daviduzcategui.com.ve\/wpdu\/wp-json\/wp\/v2\/categories?post=1965"},{"taxonomy":"post_tag","embeddable":true,"href":"https:\/\/daviduzcategui.com.ve\/wpdu\/wp-json\/wp\/v2\/tags?post=1965"}],"curies":[{"name":"wp","href":"https:\/\/api.w.org\/{rel}","templated":true}]}}