{"id":1945,"date":"2021-08-14T19:40:35","date_gmt":"2021-08-14T23:40:35","guid":{"rendered":"https:\/\/daviduzcategui.com.ve\/wpdu\/?p=1945"},"modified":"2022-08-19T14:01:01","modified_gmt":"2022-08-19T18:01:01","slug":"varios-importante","status":"publish","type":"post","link":"https:\/\/daviduzcategui.com.ve\/wpdu\/2021\/08\/14\/varios-importante\/","title":{"rendered":"\u00abVARIOS IMPORTANTE\u00bb"},"content":{"rendered":"<p>Para ver la nota puedes dar click\u00a0 en el titulo de la misma.<\/p>\n<p><a href=\"https:\/\/daviduzcategui.com.ve\/wpdu\/2022\/08\/19\/feliz-cumpleanos-baruta\/\" rel=\"bookmark\">\u00ab\u00a1Feliz cumplea\u00f1os Baruta!\u00bb<\/a><\/p>\n<p><a href=\"https:\/\/daviduzcategui.com.ve\/wpdu\/2022\/06\/20\/la-educacion-es-el-pasaporte-hacia-el-futuro\/\" rel=\"bookmark\">\u00ab\u00a1La educaci\u00f3n es el pasaporte hacia el futuro!\u00bb<\/a><\/p>\n<p><a href=\"https:\/\/daviduzcategui.com.ve\/wpdu\/2021\/12\/09\/la-navidad-es-una-de-las-epocas-mas-importantes-y-especiales-del-ano-sobre-todo-para-los-ninos\/\" rel=\"bookmark\">\u00abLa Navidad es una de las \u00e9pocas m\u00e1s importantes y especiales del a\u00f1o sobre todo para los ni\u00f1os!\u00bb<\/a><\/p>\n<p><a href=\"https:\/\/daviduzcategui.com.ve\/wpdu\/2021\/10\/24\/2266\/\" rel=\"bookmark\">\u00abCada d\u00eda m\u00e1s orgulloso de ti mi amor\u00a0@lorenaguerrao\u00bb<\/a><\/p>\n<p><a href=\"https:\/\/daviduzcategui.com.ve\/wpdu\/2021\/10\/20\/dios-ante-todo\/\" rel=\"bookmark\">\u00abDios ante todo!\u00bb<\/a><\/p>\n<p><a href=\"https:\/\/daviduzcategui.com.ve\/wpdu\/2021\/10\/15\/hoy-celebro-un-ano-mas-de-vida\/\" rel=\"bookmark\">\u00abHoy celebro un a\u00f1o m\u00e1s de vida.\u00bb<\/a><\/p>\n<p><a href=\"https:\/\/daviduzcategui.com.ve\/wpdu\/2021\/09\/13\/80-aniversario-de-accion-democratica\/\" rel=\"bookmark\">\u201c80 Aniversario de Acci\u00f3n Democr\u00e1tica\u201d<\/a><\/p>\n<p><a href=\"https:\/\/daviduzcategui.com.ve\/wpdu\/2021\/08\/19\/mi-amada-baruta-hoy-cumple-401-anos-de-su-fundacion\/\" rel=\"bookmark\">\u201cMi amada Baruta hoy cumple 401 a\u00f1os de su fundaci\u00f3n!\u201d<\/a><\/p>\n<p><a href=\"https:\/\/daviduzcategui.com.ve\/wpdu\/2021\/07\/06\/la-excelencia-academica-merece-ser-premiada\/\" rel=\"bookmark\">\u201cLa Excelencia Acad\u00e9mica merece ser premiada!\u201d<\/a><\/p>\n<p><a href=\"https:\/\/daviduzcategui.com.ve\/wpdu\/2021\/07\/07\/acto-dia-de-la-excelencia-en-el-municipio-chacao\/\" rel=\"bookmark\">\u201cActo d\u00eda de la Excelencia en el Municipio Chacao!\u201d<\/a><\/p>\n<p><a href=\"https:\/\/daviduzcategui.com.ve\/wpdu\/2021\/07\/08\/inauguracion-del-mural-trapecio-tricolor-en-baruta\/\" rel=\"bookmark\">\u201cInauguraci\u00f3n del mural Trapecio Tricolor en Baruta.\u201d<\/a><\/p>\n<p><a href=\"https:\/\/daviduzcategui.com.ve\/wpdu\/2021\/07\/05\/feliz-lunes-para-todos-hoy-dia-feriado-dedicado-a-petare\/\" rel=\"bookmark\">\u201c\u00a1Feliz lunes para todos! Hoy d\u00eda feriado dedicado a Petare!\u201d<\/a><\/p>\n<p><a href=\"https:\/\/daviduzcategui.com.ve\/wpdu\/2021\/06\/16\/dia-mundial-de-toma-de-conciencia-del-abuso-y-maltrato-en-la-vejez\/\" rel=\"bookmark\">\u201cD\u00eda Mundial de Toma de conciencia del Abuso y Maltrato en la Vejez\u201d<\/a><\/p>\n<p><a href=\"https:\/\/daviduzcategui.com.ve\/wpdu\/2021\/06\/04\/nuestros-abuelos-merecen-nuestro-apoyo-y-profundo-respeto\/\" rel=\"bookmark\">\u201cNuestros abuelos merecen nuestro apoyo y profundo respeto\u201d<\/a><\/p>\n<p><a href=\"https:\/\/daviduzcategui.com.ve\/wpdu\/2021\/05\/25\/1611\/\" rel=\"bookmark\">\u201cVisitamos a los abuelitos de Petare\u201d<\/a><\/p>\n<p><a href=\"https:\/\/daviduzcategui.com.ve\/wpdu\/2021\/05\/21\/20-de-mayo-dia-de-la-radio\/\" rel=\"bookmark\">\u201c20 de mayo, d\u00eda de la Radio\u201d<\/a><\/p>\n<p><a href=\"https:\/\/daviduzcategui.com.ve\/wpdu\/2021\/05\/06\/reunion-de-planificacion\/\" rel=\"bookmark\">\u201cReuni\u00f3n de Planificaci\u00f3n\u201d<\/a><\/p>\n<p><a href=\"https:\/\/daviduzcategui.com.ve\/wpdu\/2021\/03\/05\/juramentacion-de-lideres-sociales-en-barlovento\/\" rel=\"bookmark\">\u201cJuramentacio\u0301n de li\u0301deres sociales en Barlovento\u201d<\/a><\/p>\n<p><a href=\"https:\/\/daviduzcategui.com.ve\/wpdu\/2021\/03\/09\/conmemoro-y-celebro-el-dia-de-la-mujer\/\" rel=\"bookmark\">\u201cConmemoro y celebro el d\u00eda de la mujer\u201d<\/a><\/p>\n<p><a href=\"https:\/\/daviduzcategui.com.ve\/wpdu\/2021\/02\/13\/dia-de-la-juventud-2021\/\" rel=\"bookmark\">\u201cD\u00eda de la Juventud 2021\u201d<\/a><\/p>\n<p><a href=\"https:\/\/daviduzcategui.com.ve\/wpdu\/2021\/02\/05\/dia-mundial-contra-el-cancer\/\" rel=\"bookmark\">\u201cD\u00eda mundial contra el C\u00e1ncer\u201d<\/a><\/p>\n<p><a href=\"https:\/\/daviduzcategui.com.ve\/wpdu\/2021\/01\/18\/teatro-de-chacao\/\" rel=\"bookmark\">\u201cTeatro de Chacao\u201d<\/a><\/p>\n<p><a href=\"https:\/\/daviduzcategui.com.ve\/wpdu\/2021\/01\/21\/casa-hogar-maria-gil-municipio-carrizal\/\" rel=\"bookmark\">\u201cCasa Hogar Mar\u00eda Gil. Municipio Carrizal\u201d<\/a><\/p>\n<p><a href=\"https:\/\/daviduzcategui.com.ve\/wpdu\/2021\/01\/15\/todos-unidos-defenderemos-a-nuestro-estado-miranda\/\" rel=\"bookmark\">\u201cTodos unidos defenderemos a nuestro Estado Miranda!\u201d<\/a><\/p>\n<p><a href=\"https:\/\/daviduzcategui.com.ve\/wpdu\/2021\/01\/10\/construir-el-estado-miranda-que-sonamos\/\" rel=\"bookmark\">\u201cConstruir el Estado Miranda que so\u00f1amos\u201d<\/a><\/p>\n<p><a href=\"https:\/\/daviduzcategui.com.ve\/wpdu\/2021\/01\/07\/feliz-dia-de-los-reyes-magos\/\" rel=\"bookmark\">\u201c\u00a1Feliz d\u00eda de los Reyes Magos!\u201d<\/a><\/p>\n<p><a href=\"https:\/\/daviduzcategui.com.ve\/wpdu\/2021\/01\/09\/dia-de-los-reyes-magos-en-petare\/\" rel=\"bookmark\">\u201cD\u00eda de Los Reyes Magos en Petare\u201d<\/a><\/p>\n<p><a href=\"https:\/\/daviduzcategui.com.ve\/wpdu\/2020\/12\/31\/concluimos-la-operacion-juguete-2020\/\" rel=\"bookmark\">\u201cConcluimos la Operaci\u00f3n Juguete 2020\u201d<\/a><\/p>\n<p><a href=\"https:\/\/daviduzcategui.com.ve\/wpdu\/2020\/12\/28\/operacion-juguete-en-barlovento\/\" rel=\"bookmark\">\u201cOperaci\u00f3n Juguete en Barlovento\u201d<\/a><\/p>\n<p><a href=\"https:\/\/daviduzcategui.com.ve\/wpdu\/2020\/12\/30\/operacion-juguete-valles-del-tuy\/\" rel=\"bookmark\">\u201cOperaci\u00f3n Juguete: Valles del Tuy\u201d<\/a><\/p>\n<p><a href=\"https:\/\/daviduzcategui.com.ve\/wpdu\/2020\/12\/21\/la-navidad-llego-a-los-altos-mirandinos\/\" rel=\"bookmark\">\u201cLa Navidad llego\u0301 a los Altos Mirandinos\u201d<\/a><\/p>\n<p><a href=\"https:\/\/daviduzcategui.com.ve\/wpdu\/2020\/12\/22\/operacion-juguete-2020\/\" rel=\"bookmark\">\u201cOperaci\u00f3n juguete 2020\u201d<\/a><\/p>\n<p><a href=\"https:\/\/daviduzcategui.com.ve\/wpdu\/2020\/12\/19\/reinaugurado-el-ambulatorio-de-el-cafetal\/\" rel=\"bookmark\">\u201cReinaugurado el Ambulatorio de El Cafetal\u201d<\/a><\/p>\n<p><a href=\"https:\/\/daviduzcategui.com.ve\/wpdu\/2020\/12\/14\/final-de-torneo-de-voleibol-altos-mirandinos\/\" rel=\"bookmark\">\u201cFinal de torneo de Voleibol. Altos Mirandinos\u201d<\/a><\/p>\n<p><a href=\"https:\/\/daviduzcategui.com.ve\/wpdu\/2020\/12\/16\/encendido-de-la-navidad-en-la-plaza-francia\/\" rel=\"bookmark\">\u201cEncendido de la Navidad en la Plaza Francia\u201d<\/a><\/p>\n<p><a href=\"https:\/\/daviduzcategui.com.ve\/wpdu\/2020\/11\/30\/apoyo-al-hospital-perez-de-leon-municipio-sucre\/\" rel=\"bookmark\">\u201cApoyo al Hospital P\u00e9rez de Le\u00f3n. Municipio Sucre\u201d<\/a><\/p>\n<p><a href=\"https:\/\/daviduzcategui.com.ve\/wpdu\/2020\/11\/23\/nuestra-senora-de-copacabana\/\" rel=\"bookmark\">\u201cNuestra Se\u00f1ora de Copacabana\u201d<\/a><\/p>\n<p><a href=\"https:\/\/daviduzcategui.com.ve\/wpdu\/2020\/11\/07\/inauguracion-plaza-francia-municipio-chacao\/\" rel=\"bookmark\">\u201cInauguraci\u00f3n Plaza Francia. Municipio Chacao\u201d<\/a><\/p>\n<p><a href=\"https:\/\/daviduzcategui.com.ve\/wpdu\/2020\/10\/30\/natalicio-156-jose-gregorio-hernandez\/\" rel=\"bookmark\">\u201cNatalicio 156 Jos\u00e9 Gregorio Hern\u00e1ndez\u201d<\/a><\/p>\n<p><a href=\"https:\/\/daviduzcategui.com.ve\/wpdu\/2020\/10\/30\/chequeo-mamografia\/\" rel=\"bookmark\">\u201cChequeo, Mamograf\u00eda\u201d<\/a><\/p>\n<p><a href=\"https:\/\/daviduzcategui.com.ve\/wpdu\/2020\/10\/29\/virgen-de-las-mercedes\/\" rel=\"bookmark\">\u201cVirgen de Las Mercedes\u201d<\/a><\/p>\n<p><a href=\"https:\/\/daviduzcategui.com.ve\/wpdu\/2020\/10\/29\/hospital-domingo-luciani\/\" rel=\"bookmark\">\u201cHospital Domingo Luciani\u201d<\/a><\/p>\n<p><a href=\"https:\/\/daviduzcategui.com.ve\/wpdu\/2020\/10\/29\/400-anos-pueblo-de-baruta\/\" rel=\"bookmark\">\u201c400 a\u00f1os Pueblo de Baruta\u201d<\/a><\/p>\n<p><a href=\"https:\/\/daviduzcategui.com.ve\/wpdu\/2020\/10\/29\/tbt\/\" rel=\"bookmark\">\u201c#TBT\u201d<\/a><\/p>\n<p><a href=\"https:\/\/daviduzcategui.com.ve\/wpdu\/2020\/10\/29\/informacion-importante-sobre-covid-19\/\" rel=\"bookmark\">\u201cInformaci\u00f3n importante sobre Covid-19\u201d<\/a><\/p>\n<p><a href=\"https:\/\/daviduzcategui.com.ve\/wpdu\/2020\/10\/29\/dia-del-nino\/\" rel=\"bookmark\">\u201cD\u00eda del ni\u00f1o\u201d<\/a><\/p>\n<p><a href=\"https:\/\/daviduzcategui.com.ve\/wpdu\/2020\/10\/29\/dia-del-adulto-mayor\/\" rel=\"bookmark\">\u201cD\u00eda del Adulto Mayor\u201d<\/a><\/p>\n<p><a href=\"https:\/\/daviduzcategui.com.ve\/wpdu\/2020\/10\/29\/reunion-de-trabajo\/\" rel=\"bookmark\">\u201cReuni\u00f3n de trabajo\u201d<\/a><\/p>\n<p><a href=\"https:\/\/daviduzcategui.com.ve\/wpdu\/2020\/10\/29\/programa-parada-cultural-municipio-el-hatillo\/\" rel=\"bookmark\">\u201cPrograma Parada Cultural Municipio El Hatillo\u201d<\/a><\/p>\n<p><a href=\"https:\/\/daviduzcategui.com.ve\/wpdu\/2020\/10\/29\/casas-hogar-en-colinas-de-bello-monte\/\" rel=\"bookmark\">\u201cCasas Hogar en Colinas de Bello Monte\u201d<\/a><\/p>\n<p><a href=\"https:\/\/daviduzcategui.com.ve\/wpdu\/2020\/10\/29\/virgen-de-fatima\/\" rel=\"bookmark\">\u201cVirgen De F\u00e1tima\u201d<\/a><\/p>\n<p><a href=\"https:\/\/daviduzcategui.com.ve\/wpdu\/2020\/10\/29\/1o-de-mayo\/\" rel=\"bookmark\">\u201c1o de mayo\u201d<\/a><\/p>\n<p><a href=\"https:\/\/daviduzcategui.com.ve\/wpdu\/2020\/10\/29\/covid-19\/\" rel=\"bookmark\">\u201cCOVID-19\u201d<\/a><\/p>\n<p><a href=\"https:\/\/daviduzcategui.com.ve\/wpdu\/2020\/10\/29\/boton-de-emergencia\/\" rel=\"bookmark\">\u201cBot\u00f3n de emergencia\u201d<\/a><\/p>\n<p><a href=\"https:\/\/daviduzcategui.com.ve\/wpdu\/2020\/10\/28\/barrio-jose-felix-ribas-petare\/\" rel=\"bookmark\">\u201cBarrio Jos\u00e9 F\u00e9lix Ribas, Petare\u201d<\/a><\/p>\n<p><a href=\"https:\/\/daviduzcategui.com.ve\/wpdu\/2020\/10\/28\/el-cerrito-petare\/\" rel=\"bookmark\">\u201cEl Cerrito, Petare\u201d<\/a><\/p>\n<p><a href=\"https:\/\/daviduzcategui.com.ve\/wpdu\/2020\/10\/28\/sector-caruto-petare-municipio-sucre\/\" rel=\"bookmark\">\u201cSector Caruto, Petare, Municipio Sucre\u201d<\/a><\/p>\n<p><a href=\"https:\/\/daviduzcategui.com.ve\/wpdu\/2020\/10\/28\/las-minitas-la-naya-baruta\/\" rel=\"bookmark\">\u201cLas Minitas, La Naya. Baruta\u201d<\/a><\/p>\n<p><a href=\"https:\/\/daviduzcategui.com.ve\/wpdu\/2020\/10\/28\/cua-cumple-330-anos\/\" rel=\"bookmark\">\u201cC\u00faa cumple 330 a\u00f1os\u201d<\/a><\/p>\n<p><a href=\"https:\/\/daviduzcategui.com.ve\/wpdu\/2020\/10\/28\/el-obelisco-petare-municipio-sucre\/\" rel=\"bookmark\">\u201cEl Obelisco, Petare. Municipio Sucre\u201d<\/a><\/p>\n<p><a href=\"https:\/\/daviduzcategui.com.ve\/wpdu\/2020\/10\/28\/mamporal-y-municipio-brion-barlovento\/\" rel=\"bookmark\">\u201cMamporal y Municipio Bri\u00f3n. Barlovento\u201d<\/a><\/p>\n<p><a href=\"https:\/\/daviduzcategui.com.ve\/wpdu\/2020\/10\/28\/municipio-chacao\/\" rel=\"bookmark\">\u201cMunicipio Chacao\u201d<\/a><\/p>\n<p><a href=\"https:\/\/daviduzcategui.com.ve\/wpdu\/2020\/10\/28\/pueblo-de-baruta\/\" rel=\"bookmark\">\u201cPueblo de Baruta\u201d<\/a><\/p>\n<p><a href=\"https:\/\/daviduzcategui.com.ve\/wpdu\/2020\/10\/28\/el-guire\/\" rel=\"bookmark\">\u201cEl G\u00fcire\u201d<\/a><\/p>\n<p><a href=\"https:\/\/www.daviduzcategui.com\"><strong>&#8211;&gt; <img loading=\"lazy\" class=\"alignnone size-full wp-image-24\" src=\"https:\/\/daviduzcategui.com.ve\/wpdu\/wp-content\/uploads\/2020\/10\/Home.png\" alt=\"\" width=\"17\" height=\"15\" \/> Ir a p\u00e1gina principal &lt;&#8211;<\/strong><\/a><\/p>\n","protected":false},"excerpt":{"rendered":"<p>Para ver la nota puedes dar click\u00a0 en el titulo de la misma. \u00ab\u00a1Feliz cumplea\u00f1os Baruta!\u00bb \u00ab\u00a1La educaci\u00f3n es el[&#8230;]<\/p>\n","protected":false},"author":1,"featured_media":0,"comment_status":"closed","ping_status":"closed","sticky":false,"template":"","format":"standard","meta":[],"categories":[2],"tags":[],"_links":{"self":[{"href":"https:\/\/daviduzcategui.com.ve\/wpdu\/wp-json\/wp\/v2\/posts\/1945"}],"collection":[{"href":"https:\/\/daviduzcategui.com.ve\/wpdu\/wp-json\/wp\/v2\/posts"}],"about":[{"href":"https:\/\/daviduzcategui.com.ve\/wpdu\/wp-json\/wp\/v2\/types\/post"}],"author":[{"embeddable":true,"href":"https:\/\/daviduzcategui.com.ve\/wpdu\/wp-json\/wp\/v2\/users\/1"}],"replies":[{"embeddable":true,"href":"https:\/\/daviduzcategui.com.ve\/wpdu\/wp-json\/wp\/v2\/comments?post=1945"}],"version-history":[{"count":20,"href":"https:\/\/daviduzcategui.com.ve\/wpdu\/wp-json\/wp\/v2\/posts\/1945\/revisions"}],"predecessor-version":[{"id":2699,"href":"https:\/\/daviduzcategui.com.ve\/wpdu\/wp-json\/wp\/v2\/posts\/1945\/revisions\/2699"}],"wp:attachment":[{"href":"https:\/\/daviduzcategui.com.ve\/wpdu\/wp-json\/wp\/v2\/media?parent=1945"}],"wp:term":[{"taxonomy":"category","embeddable":true,"href":"https:\/\/daviduzcategui.com.ve\/wpdu\/wp-json\/wp\/v2\/categories?post=1945"},{"taxonomy":"post_tag","embeddable":true,"href":"https:\/\/daviduzcategui.com.ve\/wpdu\/wp-json\/wp\/v2\/tags?post=1945"}],"curies":[{"name":"wp","href":"https:\/\/api.w.org\/{rel}","templated":true}]}}