{"id":1579,"date":"2021-05-21T15:43:05","date_gmt":"2021-05-21T19:43:05","guid":{"rendered":"https:\/\/daviduzcategui.com.ve\/wpdu\/?p=1579"},"modified":"2021-05-21T15:43:05","modified_gmt":"2021-05-21T19:43:05","slug":"20-de-mayo-dia-de-la-radio","status":"publish","type":"post","link":"https:\/\/daviduzcategui.com.ve\/wpdu\/2021\/05\/21\/20-de-mayo-dia-de-la-radio\/","title":{"rendered":"\u00ab20 de mayo, d\u00eda de la Radio\u00bb"},"content":{"rendered":"<p><img loading=\"lazy\" class=\"alignnone size-full wp-image-1580\" src=\"https:\/\/daviduzcategui.com.ve\/wpdu\/wp-content\/uploads\/2021\/05\/Radio.jpg\" alt=\"\" width=\"711\" height=\"717\" srcset=\"https:\/\/daviduzcategui.com.ve\/wpdu\/wp-content\/uploads\/2021\/05\/Radio.jpg 711w, https:\/\/daviduzcategui.com.ve\/wpdu\/wp-content\/uploads\/2021\/05\/Radio-297x300.jpg 297w, https:\/\/daviduzcategui.com.ve\/wpdu\/wp-content\/uploads\/2021\/05\/Radio-150x150.jpg 150w\" sizes=\"(max-width: 711px) 100vw, 711px\" \/><\/p>\n<p>\u26ab\ufe0f\ud83d\udd34\ud83d\udfe1\u00a0 En este d\u00eda de la Radio (20 de mayo 2021) en Venezuela celebro el espacio que me ha hecho crecer durante los \u00faltimos 17 a\u00f1os.<\/p>\n<p>Recuerdo cuando en julio del a\u00f1o 2004 hice mi primera transmisi\u00f3n. Hoy puedo comunicarme diariamente con cientos de mirandinos gracias a la Radio mediante el programa La Voz de Miranda, el cual se transmite de lunes a viernes de 12:00pm a 1:00 en las siguientes emisoras:<\/p>\n<p>\ud83d\udcfb88.1 FM La Emisora Adulto Joven. \u00c1rea metropolitana de Caracas.<\/p>\n<p>\ud83d\udcfb93.7 FM Copacabana Stereo. Guarenas-Guatire.<\/p>\n<p>\ud83d\udcfb105.7 FM Radio M\u00eda. Altos Mirandinos.<\/p>\n<p>\ud83d\udcfb93.9 FM Radio Sismo. Los Valles del Tuy.<\/p>\n<p>\ud83d\udcfb97.1 FM La FM de Barlovento.<\/p>\n<p>Los invito a sintonizar el programa para que podamos conversar y para que expresen sus inquietudes y nos expresen sus quejas, denuncias, problemas y necesidades en cada comunidad de nuestro amado Estado Miranda.<\/p>\n<p><a href=\"https:\/\/www.daviduzcategui.com\"><strong>&#8211;&gt; <img loading=\"lazy\" class=\"alignnone size-full wp-image-24\" src=\"https:\/\/daviduzcategui.com.ve\/wpdu\/wp-content\/uploads\/2020\/10\/Home.png\" alt=\"\" width=\"17\" height=\"15\" \/> Ir a p\u00e1gina principal &lt;&#8211;<\/strong><\/a><\/p>\n","protected":false},"excerpt":{"rendered":"<p>\u26ab\ufe0f\ud83d\udd34\ud83d\udfe1\u00a0 En este d\u00eda de la Radio (20 de mayo 2021) en Venezuela celebro el espacio que me ha hecho[&#8230;]<\/p>\n","protected":false},"author":1,"featured_media":0,"comment_status":"closed","ping_status":"closed","sticky":false,"template":"","format":"standard","meta":[],"categories":[2],"tags":[],"_links":{"self":[{"href":"https:\/\/daviduzcategui.com.ve\/wpdu\/wp-json\/wp\/v2\/posts\/1579"}],"collection":[{"href":"https:\/\/daviduzcategui.com.ve\/wpdu\/wp-json\/wp\/v2\/posts"}],"about":[{"href":"https:\/\/daviduzcategui.com.ve\/wpdu\/wp-json\/wp\/v2\/types\/post"}],"author":[{"embeddable":true,"href":"https:\/\/daviduzcategui.com.ve\/wpdu\/wp-json\/wp\/v2\/users\/1"}],"replies":[{"embeddable":true,"href":"https:\/\/daviduzcategui.com.ve\/wpdu\/wp-json\/wp\/v2\/comments?post=1579"}],"version-history":[{"count":1,"href":"https:\/\/daviduzcategui.com.ve\/wpdu\/wp-json\/wp\/v2\/posts\/1579\/revisions"}],"predecessor-version":[{"id":1581,"href":"https:\/\/daviduzcategui.com.ve\/wpdu\/wp-json\/wp\/v2\/posts\/1579\/revisions\/1581"}],"wp:attachment":[{"href":"https:\/\/daviduzcategui.com.ve\/wpdu\/wp-json\/wp\/v2\/media?parent=1579"}],"wp:term":[{"taxonomy":"category","embeddable":true,"href":"https:\/\/daviduzcategui.com.ve\/wpdu\/wp-json\/wp\/v2\/categories?post=1579"},{"taxonomy":"post_tag","embeddable":true,"href":"https:\/\/daviduzcategui.com.ve\/wpdu\/wp-json\/wp\/v2\/tags?post=1579"}],"curies":[{"name":"wp","href":"https:\/\/api.w.org\/{rel}","templated":true}]}}